{"id":19467,"date":"2026-03-11T11:40:48","date_gmt":"2026-03-11T10:40:48","guid":{"rendered":"https:\/\/www.galeriedurst.com\/2026\/03\/11\/at-the-heart-of-fitzias-artistic-universe\/"},"modified":"2026-03-11T11:40:49","modified_gmt":"2026-03-11T10:40:49","slug":"at-the-heart-of-fitzias-artistic-universe","status":"publish","type":"post","link":"https:\/\/www.galeriedurst.com\/en\/2026\/03\/11\/at-the-heart-of-fitzias-artistic-universe\/","title":{"rendered":"At the heart of Fitzia\u2019s artistic universe"},"content":{"rendered":"\n<p class=\"has-text-align-center\"><strong>Since her passing in 2015, Fitzia\u2019s artistic legacy has been carefully preserved by her son, Patrick, her rightful heir.<\/strong> <strong>We had the pleasure of meeting him. <\/strong><\/p>\n\n<p class=\"has-text-align-center\"><strong>In this interview, he immerses us in the artistic world of Fitzia, an artist who left a mark on her era with her unique approach to collage. Discover her story, the inspirations that shaped her work, her creative process, the defining moments of her career, and how Patrick continues to honor her artistic heritage. <\/strong><\/p>\n\n<div class=\"wp-block-columns is-layout-flex wp-container-core-columns-is-layout-9d6595d7 wp-block-columns-is-layout-flex\">\n<div class=\"wp-block-column is-layout-flow wp-block-column-is-layout-flow\"><\/div>\n<\/div>\n<div class=\"wp-block-image\">\n<figure class=\"alignleft size-large is-resized\"><img decoding=\"async\" src=\"https:\/\/www.galeriedurst.com\/\/content\/uploads\/2024\/10\/Capture-decran-2024-10-05-a-13.07.30-2-577x1024.png\" alt=\"\" class=\"wp-image-14366\" width=\"388\" height=\"688\" srcset=\"https:\/\/www.galeriedurst.com\/\/content\/uploads\/2024\/10\/Capture-decran-2024-10-05-a-13.07.30-2-577x1024.png 577w, https:\/\/www.galeriedurst.com\/\/content\/uploads\/2024\/10\/Capture-decran-2024-10-05-a-13.07.30-2-169x300.png 169w, https:\/\/www.galeriedurst.com\/\/content\/uploads\/2024\/10\/Capture-decran-2024-10-05-a-13.07.30-2-768x1364.png 768w, https:\/\/www.galeriedurst.com\/\/content\/uploads\/2024\/10\/Capture-decran-2024-10-05-a-13.07.30-2-600x1066.png 600w, https:\/\/www.galeriedurst.com\/\/content\/uploads\/2024\/10\/Capture-decran-2024-10-05-a-13.07.30-2.png 840w\" sizes=\"(max-width: 388px) 100vw, 388px\" \/><\/figure>\n<\/div>\n<p>Patrick, could you introduce Fitzia, your mother, in a few words? <\/p>\n\n<p>My mother was a brilliant, funny, radiant woman with a great love of life, who always saw everything positively.<\/p>\n\n<p><strong>Can you tell us about your mother\u2019s origins and childhood?<\/strong><\/p>\n\n<p>Fitzia was born in France to a French mother and a Basque-Spanish father. She was the second of three sisters and grew up in Paris, attending boarding schools run by nuns. She experienced the war through the innocent eyes of a child, living in the 16th arrondissement, she and her family would climb to the roof to watch the \u201cfireworks,\u201d which were actually bombs. After her grandfather\u2019s death, the family moved to Spain.    <\/p>\n\n<p><strong>How did art enter Fitzia\u2019s life, and how did collage become her preferred medium? <\/strong><\/p>\n\n<p>Although born in La Baule, Fitzia grew up in Paris and showed early talent for drawing. As a teenager, she discovered a passion for art. At age 13, she randomly chose her artist name \u201cFitzia\u201d with the help of a friend.   <\/p>\n\n<p>Initially, she painted oils and landscapes, holding her first exhibition in 1957 in Mexico. It was there she began experimenting with collage, using tissue paper glued onto painted canvases. Later, after meeting the Spanish painter Francisco Farreras in New York, she discovered \u201cpure\u201d collage\u2014a turning point in her career.    <\/p>\n\n<p><strong>How would you describe her personality as an artist and as a person?<\/strong><\/p>\n\n<p>She was generous with her time and money, altruistic, and very sociable in her daily life.<br\/>An example of her generosity: she built a tiny house for a young single mother with three children living in precarious conditions in Mexico. It was a very small space in a shantytown, with just one door and one window. I remember asking her why only one window, and she replied, \u201cBecause I don\u2019t have money for any more windows.\u201d   <\/p>\n\n<p>In her work, Fitzia was a perfectionist, demanding of herself. She was capable of destroying and redoing a painting several times if she was not satisfied with the result. She always rose very early, perhaps inspiration woke her, then made her coffee and began working.  <\/p>\n\n<p><strong>How would you define her artistic style and universe?<\/strong><\/p>\n\n<p>Her early paintings were mostly representational, figurative watercolors, landscapes, and portraits. She explored various techniques, but I would say the style that best defines her is abstract. <\/p>\n<div class=\"wp-block-image\">\n<figure class=\"aligncenter size-full is-resized\"><img decoding=\"async\" src=\"https:\/\/www.galeriedurst.com\/\/content\/uploads\/2024\/10\/Atelier-1958-2.jpg\" alt=\"\" class=\"wp-image-14342\" width=\"615\" height=\"422\" srcset=\"https:\/\/www.galeriedurst.com\/\/content\/uploads\/2024\/10\/Atelier-1958-2.jpg 869w, https:\/\/www.galeriedurst.com\/\/content\/uploads\/2024\/10\/Atelier-1958-2-300x206.jpg 300w, https:\/\/www.galeriedurst.com\/\/content\/uploads\/2024\/10\/Atelier-1958-2-768x527.jpg 768w, https:\/\/www.galeriedurst.com\/\/content\/uploads\/2024\/10\/Atelier-1958-2-600x412.jpg 600w\" sizes=\"(max-width: 615px) 100vw, 615px\" \/><figcaption>Fitzia in her workshop in 1958.<\/figcaption><\/figure>\n<\/div>\n<p><strong>What were her inspirations and recurring themes?<\/strong><\/p>\n\n<p>My mother was greatly influenced by her life experiences. I believe her life changed profoundly after her trip to Mexico at the age of 20, where she married my father. She was struck by the vivid colors of Mexico and the richness of the artisans\u2019 creations there. She used to say, \u201cIt is only in Mexico that one is born an artist.\u201d But she also said, \u201cMy works are a reflection of my contact with people; my relationship with human beings is the most important thing on this earth. And in my works, you can see what each person brings me.\u201d    <\/p>\n\n<p><strong>Which artists or movements influenced her in France and Mexico?<\/strong><\/p>\n\n<p>In the book my mother wrote in Mexico, Collage, arte mayor, she mentions artists such as Juan Gris and Georges Braque, among others, but I am certain that her strongest influences were Francisco Farreras in Europe and Rufino Tamayo in Mexico.<\/p>\n<div class=\"wp-block-image\">\n<figure class=\"alignright size-large is-resized\"><img decoding=\"async\" src=\"https:\/\/www.galeriedurst.com\/\/content\/uploads\/2024\/10\/Metagalaxia-1969-979x1024.jpg\" alt=\"\" class=\"wp-image-14343\" width=\"561\" height=\"586\" srcset=\"https:\/\/www.galeriedurst.com\/\/content\/uploads\/2024\/10\/Metagalaxia-1969-979x1024.jpg 979w, https:\/\/www.galeriedurst.com\/\/content\/uploads\/2024\/10\/Metagalaxia-1969-287x300.jpg 287w, https:\/\/www.galeriedurst.com\/\/content\/uploads\/2024\/10\/Metagalaxia-1969-768x804.jpg 768w, https:\/\/www.galeriedurst.com\/\/content\/uploads\/2024\/10\/Metagalaxia-1969-600x628.jpg 600w, https:\/\/www.galeriedurst.com\/\/content\/uploads\/2024\/10\/Metagalaxia-1969.jpg 1336w\" sizes=\"(max-width: 561px) 100vw, 561px\" \/><figcaption>Fitzia durant son exposition &#8220;Metagalaxia&#8221; en 1969.<\/figcaption><\/figure>\n<\/div>\n<p><strong>What were the key moments or events in Fitzia\u2019s life in France and Mexico that influenced her artistic work? Which aspects of her work best reflect her Mexican and French cultural heritage? <\/strong><\/p>\n\n<p>I believe that discovering Mexico and the artistic richness found everywhere, in every corner of the country, was a wonderful source of inspiration for her early on. Later, her time in New York, where she lived, met other important artists, and exhibited her work, helped her define her style. It was during this period that she began working on large-format pieces. In the 1960s, the \u201cspatial era\u201d greatly inspired her for the exhibition Metagalaxia.   <\/p>\n\n<p><strong>How did she choose the materials for her collages? Could you describe her artistic process, from conception to the completion of a work, including any rituals or routines? <\/strong><\/p>\n\n<p>She always said that she chose her papers by touch. For her, the texture of the paper was essential. It was a way to ensure that the paper would adhere properly and withstand the treatment of glue and paint on the support she worked on, which was often wood. She had a close relationship with her materials and often said that in \u201cher struggle\u201d between the paper and herself, it was always the paper that \u201cwon.\u201d    <\/p>\n\n<p>For the theme, she would first do research and draw inspiration from books. Then she would lock herself in her studio with music, she was a fan of Bach, plenty of French music, Gilbert B\u00e9caud and Aznavour, as well as Mexican folk music, and then\u2026 she would let herself go! <\/p>\n\n<p><strong>Were there any specific technical or methodological aspects she used in her work?<\/strong><\/p>\n\n<p>Yes, the quality of the wood for her panels and the papers was extremely important to her. She had to ensure that the panels were made from dry wood and that the papers would not lose their color due to the moisture in the glue. The virgin white wax also had to be of excellent quality to protect her collages afterward.  <\/p>\n\n<p><strong>What message or emotion did she hope to convey through her works?<\/strong><\/p>\n\n<p>Her love of life, and her desire to convey joy through light and color. To leave a mark, to surpass herself. Simply put, to leave a human legacy.  <\/p>\n\n<p><strong>How would you describe the evolution of her artistic style over the years?<\/strong><\/p>\n\n<p>At the beginning of her artistic journey, she mainly painted figurative oils after moving to Mexico. She then began creating more abstract works. She was always seeking new techniques to develop a style uniquely her own. While collage was a classical technique, Fitzia managed to invent her own approach. This immediately gave her the freedom to create according to her imagination. In the following years, she refined her technique and produced remarkable works, including a large mural measuring 290 cm \u00d7 600 cm for the Instituto Nacional de Neurolog\u00eda y Neurocirug\u00eda in Mexico. It was also during this period that she began exploring sculpture. In the 1970s, screen printing became part of her artistic universe.       <\/p>\n\n<p><strong>Could you share a significant moment from her artistic career?<\/strong><\/p>\n\n<p>I believe that in the 1960s, many important things happened, as she succeeded in integrating her works with the world of architecture. She even managed to hold between three and four exhibitions per year. <\/p>\n\n<p><strong>Are there one or two specific works that, in your opinion, are the most emblematic of Fitzia, and why?<\/strong><\/p>\n\n<p>It is difficult to choose just one or two specific pieces, but I can say that a very significant period in my mother\u2019s life was the change in her palette, which became vibrant after the death of my brother Philippe, who was still young when he passed away. The titles of her paintings during this period were also very striking. <\/p>\n\n<p><strong>Are there any anecdotes or specific stories that clearly illustrate her devotion to her art?<\/strong><\/p>\n\n<p>My mother loved writing letters while having her morning coffee. She would start each letter to friends or family with a small collage she created, always using green ink, her favorite! So we all always had a little piece of Fitzia in our mailboxes.   <\/p>\n\n<p><strong>Are there any cultural or educational institutions that celebrate her work and influence? Where can one find archives, private collections, or museums exhibiting her works? <\/strong><\/p>\n\n<p>We have always had Galerie Durst in Paris, which represents her in France. <br\/>In 2007, a book titled Una Obra \u2013 Una Vida, which translates to A Work \u2013 A Life, was published. It was a way to share her artistic journey with the public.  <br\/>We also created her website a few years ago, which is still active. We continuously update it and work to increase her presence on social media so that her works and artistic legacy remain relevant and alive. <\/p>\n<div class=\"wp-block-image\">\n<figure class=\"alignleft size-large is-resized\"><img decoding=\"async\" src=\"https:\/\/www.galeriedurst.com\/\/content\/uploads\/2024\/10\/Feb-02-07-St-Aubin-Chateuneuf-1-690x1024.jpg\" alt=\"\" class=\"wp-image-14346\" width=\"401\" height=\"595\" srcset=\"https:\/\/www.galeriedurst.com\/\/content\/uploads\/2024\/10\/Feb-02-07-St-Aubin-Chateuneuf-1-690x1024.jpg 690w, https:\/\/www.galeriedurst.com\/\/content\/uploads\/2024\/10\/Feb-02-07-St-Aubin-Chateuneuf-1-202x300.jpg 202w, https:\/\/www.galeriedurst.com\/\/content\/uploads\/2024\/10\/Feb-02-07-St-Aubin-Chateuneuf-1-768x1140.jpg 768w, https:\/\/www.galeriedurst.com\/\/content\/uploads\/2024\/10\/Feb-02-07-St-Aubin-Chateuneuf-1-1035x1536.jpg 1035w, https:\/\/www.galeriedurst.com\/\/content\/uploads\/2024\/10\/Feb-02-07-St-Aubin-Chateuneuf-1-1380x2048.jpg 1380w, https:\/\/www.galeriedurst.com\/\/content\/uploads\/2024\/10\/Feb-02-07-St-Aubin-Chateuneuf-1-600x890.jpg 600w, https:\/\/www.galeriedurst.com\/\/content\/uploads\/2024\/10\/Feb-02-07-St-Aubin-Chateuneuf-1.jpg 1638w\" sizes=\"(max-width: 401px) 100vw, 401px\" \/><figcaption>Fitzia dans son atelier en 2007.<\/figcaption><\/figure>\n<\/div>\n<p><strong>17. How is your mother\u2019s memory and artistic work honored in your family today? Have you taken any initiatives to preserve and promote her artistic legacy? <\/strong><\/p>\n\n<p>She remains very present in my family\u2019s life and in my own. Whether through her paintings or memories, we often celebrate her artistic legacy. Fitzia is honored every day through the many works displayed in museums, private residences, and workplaces of collectors, primarily in Mexico, Canada, France, Spain, Germany, and the United States. Since 1998, I have been digitizing her personal archives and cataloging all of her works.   <strong> <\/strong><\/p>\n\n<p><strong>What are the future projects to celebrate and share her artistic legacy (exhibitions, publications, films)?<\/strong><\/p>\n\n<p>This exhibition is a major retrospective of her works and a tribute to her memory.<\/p>\n\n<p><strong>What was the nature of your relationship with your mother? Were you closely involved with her artistic work? <\/strong><\/p>\n\n<p>I have always had a very strong bond with my mother. When I was young, she often gave me artistic tasks to do while she worked. Then, in 1998, I became her assistant, helping her purchase materials and prepare her panels. I later undertook the project of digitizing all her personal archives, and it has become something of a lifelong mission for me.   <\/p>\n\n<p><strong>How did your mother pass on her love and passion for art to you?<\/strong><\/p>\n\n<p>We often went to exhibitions together, whether at museums or at other artists\u2019 openings, in Mexico or in Paris where we lived. With her, I always learned something, about techniques, the artist\u2019s motivations, or the social context of the time, but above all, I think the greatest gift she gave me was seeing her work with such passion. <\/p>\n\n<p><strong>Are there any particularly memorable moments or memories that you cherish?<\/strong><\/p>\n\n<p>The list is long because I spent a very large part of my life by her side, both in Mexico and in France. I would say what touched me most was her trust, which allowed me to be present in her studio while she created her works. She didn\u2019t let just anyone in!  <\/p>\n\n<p><strong>Finally, how has her passion for art influenced your own life and worldview? What valuable lessons or advice did she teach you through her work and life that still impact you today? <\/strong><\/p>\n\n<p>Her passions, for art, but above all for life, shaped my character. I am a positive person, with a joy for life similar to hers, and I always try to keep my focus on the future. My mother was very generous, and I believe I have been able to pass that on to my own children. She was not a complicated person and needed very little to be happy. I think I am a bit like that too: simple, and happy as long as those around me are happy.    <\/p>\n\n<p><\/p>\n\n<figure class=\"wp-block-table aligncenter is-style-stripes\" style=\"font-size:30px\"><table><tbody><tr><td class=\"has-text-align-center\" data-align=\"center\">Exhibition \u201cVoyages en papier: The Universe of Fitzia\u201d by Fitzia<br\/>From October 17 to November 9, 2024, at Galerie Durst<br\/>Opening reception on Wednesday, October 16, starting at 6:00 PM<\/td><\/tr><\/tbody><\/table><\/figure>\n\n<p><\/p>\n\n<p class=\"has-medium-font-size\">To learn more about Fitzia\u2019s work, don\u2019t miss the documentary The Mastery of Collage:<\/p>\n\n<figure class=\"wp-block-embed is-type-video is-provider-vimeo wp-block-embed-vimeo wp-embed-aspect-16-9 wp-has-aspect-ratio\"><div class=\"wp-block-embed__wrapper\">\n<iframe loading=\"lazy\" title=\"La ma\u00eetrise du collage - Fitzia\" src=\"https:\/\/player.vimeo.com\/video\/1017872424?dnt=1&amp;app_id=122963\" width=\"500\" height=\"282\" frameborder=\"0\" allow=\"autoplay; fullscreen; picture-in-picture; clipboard-write; encrypted-media; web-share\" referrerpolicy=\"strict-origin-when-cross-origin\"><\/iframe>\n<\/div><\/figure>\n\n<p><\/p>\n\n<figure class=\"wp-block-gallery has-nested-images columns-default is-cropped wp-block-gallery-1 is-layout-flex wp-block-gallery-is-layout-flex\">\n<figure class=\"wp-block-image size-large\"><a href=\"https:\/\/www.galeriedurst.com\/en\/artists\/fitzia-en\/\" target=\"_blank\" rel=\"noreferrer noopener\"><img decoding=\"async\" width=\"884\" height=\"1024\" data-id=\"14349\" src=\"https:\/\/www.galeriedurst.com\/\/content\/uploads\/2024\/10\/Capture-decran-2024-10-05-a-14.51.21-884x1024.png\" alt=\"\" class=\"wp-image-14349\" srcset=\"https:\/\/www.galeriedurst.com\/\/content\/uploads\/2024\/10\/Capture-decran-2024-10-05-a-14.51.21-884x1024.png 884w, https:\/\/www.galeriedurst.com\/\/content\/uploads\/2024\/10\/Capture-decran-2024-10-05-a-14.51.21-259x300.png 259w, https:\/\/www.galeriedurst.com\/\/content\/uploads\/2024\/10\/Capture-decran-2024-10-05-a-14.51.21-768x890.png 768w, https:\/\/www.galeriedurst.com\/\/content\/uploads\/2024\/10\/Capture-decran-2024-10-05-a-14.51.21-600x695.png 600w, https:\/\/www.galeriedurst.com\/\/content\/uploads\/2024\/10\/Capture-decran-2024-10-05-a-14.51.21.png 1010w\" sizes=\"(max-width: 884px) 100vw, 884px\" \/><\/a><figcaption>Fitzia en 2006<\/figcaption><\/figure>\n\n\n\n<figure class=\"wp-block-image size-large\"><a href=\"https:\/\/www.galeriedurst.com\/?post_type=product&amp;p=13013\" target=\"_blank\" rel=\"noreferrer noopener\"><img decoding=\"async\" width=\"1024\" height=\"724\" data-id=\"14350\" src=\"https:\/\/www.galeriedurst.com\/\/content\/uploads\/2024\/10\/De-dia-eras-tu-Fitzia-43-x-61-cm-1024x724.jpg\" alt=\"\" class=\"wp-image-14350\" srcset=\"https:\/\/www.galeriedurst.com\/\/content\/uploads\/2024\/10\/De-dia-eras-tu-Fitzia-43-x-61-cm-1024x724.jpg 1024w, https:\/\/www.galeriedurst.com\/\/content\/uploads\/2024\/10\/De-dia-eras-tu-Fitzia-43-x-61-cm-300x212.jpg 300w, https:\/\/www.galeriedurst.com\/\/content\/uploads\/2024\/10\/De-dia-eras-tu-Fitzia-43-x-61-cm-768x543.jpg 768w, https:\/\/www.galeriedurst.com\/\/content\/uploads\/2024\/10\/De-dia-eras-tu-Fitzia-43-x-61-cm-600x424.jpg 600w, https:\/\/www.galeriedurst.com\/\/content\/uploads\/2024\/10\/De-dia-eras-tu-Fitzia-43-x-61-cm.jpg 1080w\" sizes=\"(max-width: 1024px) 100vw, 1024px\" \/><\/a><figcaption><em>De d\u00eda eras t\u00fa<\/em><\/figcaption><\/figure>\n\n\n\n<figure class=\"wp-block-image size-large\"><a href=\"https:\/\/www.galeriedurst.com\/?post_type=product&amp;p=14139\" target=\"_blank\" rel=\"noreferrer noopener\"><img decoding=\"async\" width=\"1024\" height=\"1024\" data-id=\"14355\" src=\"https:\/\/www.galeriedurst.com\/\/content\/uploads\/2024\/10\/Amour-pluriel-1-1024x1024.jpg\" alt=\"\" class=\"wp-image-14355\" srcset=\"https:\/\/www.galeriedurst.com\/\/content\/uploads\/2024\/10\/Amour-pluriel-1-1024x1024.jpg 1024w, https:\/\/www.galeriedurst.com\/\/content\/uploads\/2024\/10\/Amour-pluriel-1-300x300.jpg 300w, https:\/\/www.galeriedurst.com\/\/content\/uploads\/2024\/10\/Amour-pluriel-1-150x150.jpg 150w, https:\/\/www.galeriedurst.com\/\/content\/uploads\/2024\/10\/Amour-pluriel-1-768x768.jpg 768w, https:\/\/www.galeriedurst.com\/\/content\/uploads\/2024\/10\/Amour-pluriel-1-600x600.jpg 600w, https:\/\/www.galeriedurst.com\/\/content\/uploads\/2024\/10\/Amour-pluriel-1-100x100.jpg 100w, https:\/\/www.galeriedurst.com\/\/content\/uploads\/2024\/10\/Amour-pluriel-1.jpg 1080w\" sizes=\"(max-width: 1024px) 100vw, 1024px\" \/><\/a><figcaption><em>Amour pluriel<\/em><\/figcaption><\/figure>\n\n\n\n<figure class=\"wp-block-image size-large\"><a href=\"https:\/\/www.galeriedurst.com\/en\/oeuvre\/dansant-sur-les-vagues\/\" target=\"_blank\" rel=\"noreferrer noopener\"><img decoding=\"async\" width=\"1024\" height=\"1024\" data-id=\"14351\" src=\"https:\/\/www.galeriedurst.com\/\/content\/uploads\/2024\/10\/Fitzia-Dansant-sur-les-vagues-1024x1024.jpg\" alt=\"\" class=\"wp-image-14351\" srcset=\"https:\/\/www.galeriedurst.com\/\/content\/uploads\/2024\/10\/Fitzia-Dansant-sur-les-vagues-1024x1024.jpg 1024w, https:\/\/www.galeriedurst.com\/\/content\/uploads\/2024\/10\/Fitzia-Dansant-sur-les-vagues-300x300.jpg 300w, https:\/\/www.galeriedurst.com\/\/content\/uploads\/2024\/10\/Fitzia-Dansant-sur-les-vagues-150x150.jpg 150w, https:\/\/www.galeriedurst.com\/\/content\/uploads\/2024\/10\/Fitzia-Dansant-sur-les-vagues-768x768.jpg 768w, https:\/\/www.galeriedurst.com\/\/content\/uploads\/2024\/10\/Fitzia-Dansant-sur-les-vagues-1536x1536.jpg 1536w, https:\/\/www.galeriedurst.com\/\/content\/uploads\/2024\/10\/Fitzia-Dansant-sur-les-vagues-scaled.jpg 2048w, https:\/\/www.galeriedurst.com\/\/content\/uploads\/2024\/10\/Fitzia-Dansant-sur-les-vagues-600x600.jpg 600w, https:\/\/www.galeriedurst.com\/\/content\/uploads\/2024\/10\/Fitzia-Dansant-sur-les-vagues-100x100.jpg 100w\" sizes=\"(max-width: 1024px) 100vw, 1024px\" \/><\/a><figcaption><em>Dansant sur les vagues<\/em><\/figcaption><\/figure>\n\n\n\n<figure class=\"wp-block-image size-large\"><a href=\"https:\/\/www.galeriedurst.com\/en\/oeuvre\/sans-titre-n2745\/\" target=\"_blank\" rel=\"noreferrer noopener\"><img decoding=\"async\" data-id=\"14354\" src=\"https:\/\/www.galeriedurst.com\/\/content\/uploads\/2024\/10\/Fitzia-Sin-titulo-n&#xB0;-2745-1-1024x1024.jpg\" alt=\"\" class=\"wp-image-14354\"\/><\/a><figcaption><em>Sans titre n\u00b02745<\/em><\/figcaption><\/figure>\n\n\n\n<figure class=\"wp-block-image size-large\"><a href=\"https:\/\/www.galeriedurst.com\/en\/oeuvre\/rejas-enfloradas\/\" target=\"_blank\" rel=\"noreferrer noopener\"><img decoding=\"async\" width=\"1024\" height=\"1024\" data-id=\"14356\" src=\"https:\/\/www.galeriedurst.com\/\/content\/uploads\/2024\/10\/Rejas-enfloradas-1-1024x1024.jpg\" alt=\"\" class=\"wp-image-14356\" srcset=\"https:\/\/www.galeriedurst.com\/\/content\/uploads\/2024\/10\/Rejas-enfloradas-1-1024x1024.jpg 1024w, https:\/\/www.galeriedurst.com\/\/content\/uploads\/2024\/10\/Rejas-enfloradas-1-300x300.jpg 300w, https:\/\/www.galeriedurst.com\/\/content\/uploads\/2024\/10\/Rejas-enfloradas-1-150x150.jpg 150w, https:\/\/www.galeriedurst.com\/\/content\/uploads\/2024\/10\/Rejas-enfloradas-1-768x768.jpg 768w, https:\/\/www.galeriedurst.com\/\/content\/uploads\/2024\/10\/Rejas-enfloradas-1-1536x1536.jpg 1536w, https:\/\/www.galeriedurst.com\/\/content\/uploads\/2024\/10\/Rejas-enfloradas-1.jpg 2048w, https:\/\/www.galeriedurst.com\/\/content\/uploads\/2024\/10\/Rejas-enfloradas-1-600x600.jpg 600w, https:\/\/www.galeriedurst.com\/\/content\/uploads\/2024\/10\/Rejas-enfloradas-1-100x100.jpg 100w\" sizes=\"(max-width: 1024px) 100vw, 1024px\" \/><\/a><figcaption><em>Rejas enfloradas<\/em><\/figcaption><\/figure>\n<\/figure>\n\n<p><\/p>\n\n<div class=\"wp-block-buttons is-content-justification-center is-layout-flex wp-container-core-buttons-is-layout-8057eaf3 wp-block-buttons-is-layout-flex\">\n<div class=\"wp-block-button has-custom-font-size is-style-fill has-medium-font-size\"><a class=\"wp-block-button__link\" href=\"https:\/\/www.galeriedurst.com\/en\/artists\/fitzia-en\/\" style=\"border-radius:100px\" target=\"_blank\" rel=\"noreferrer noopener\">D\u00e9couvrez les oeuvres de Fitzia<\/a><\/div>\n<\/div>\n\n<p><\/p>\n\n<p><\/p>\n","protected":false},"excerpt":{"rendered":"<p>Since her passing in 2015, Fitzia\u2019s artistic legacy has been carefully preserved by her son, Patrick, her rightful heir. We had the pleasure of meeting him. In this interview, he immerses us in the artistic world of Fitzia, an artist who left a mark on her era with her unique approach to collage. Discover her [&hellip;]<\/p>\n","protected":false},"author":30,"featured_media":19466,"comment_status":"open","ping_status":"open","sticky":false,"template":"","format":"standard","meta":{"_acf_changed":false,"footnotes":""},"categories":[196],"tags":[],"class_list":["post-19467","post","type-post","status-publish","format-standard","has-post-thumbnail","hentry","category-journal-en"],"acf":[],"yoast_head":"<!-- This site is optimized with the Yoast SEO plugin v27.1.1 - https:\/\/yoast.com\/product\/yoast-seo-wordpress\/ -->\n<title>Au coeur de l&#039;univers artistique de Fitzia - Galerie Durst<\/title>\n<meta name=\"description\" content=\"Through this interview, discover the story and artistic universe of Fitzia, a master of collage.\" \/>\n<meta name=\"robots\" content=\"index, follow, max-snippet:-1, max-image-preview:large, max-video-preview:-1\" \/>\n<link rel=\"canonical\" href=\"https:\/\/www.galeriedurst.com\/en\/2026\/03\/11\/at-the-heart-of-fitzias-artistic-universe\/\" \/>\n<meta property=\"og:locale\" content=\"en_US\" \/>\n<meta property=\"og:type\" content=\"article\" \/>\n<meta property=\"og:title\" content=\"Au coeur de l&#039;univers artistique de Fitzia - Galerie Durst\" \/>\n<meta property=\"og:description\" content=\"Through this interview, discover the story and artistic universe of Fitzia, a master of collage.\" \/>\n<meta property=\"og:url\" content=\"https:\/\/www.galeriedurst.com\/en\/2026\/03\/11\/at-the-heart-of-fitzias-artistic-universe\/\" \/>\n<meta property=\"og:site_name\" content=\"Galerie Durst\" \/>\n<meta property=\"article:published_time\" content=\"2026-03-11T10:40:48+00:00\" \/>\n<meta property=\"article:modified_time\" content=\"2026-03-11T10:40:49+00:00\" \/>\n<meta property=\"og:image\" content=\"https:\/\/www.galeriedurst.com\/\/content\/uploads\/2024\/10\/Capture-decran-2024-10-09-a-13.26.29.png\" \/>\n\t<meta property=\"og:image:width\" content=\"1198\" \/>\n\t<meta property=\"og:image:height\" content=\"640\" \/>\n\t<meta property=\"og:image:type\" content=\"image\/png\" \/>\n<meta name=\"author\" content=\"Na\u00efma Sfar\" \/>\n<meta name=\"twitter:card\" content=\"summary_large_image\" \/>\n<meta name=\"twitter:label1\" content=\"Written by\" \/>\n\t<meta name=\"twitter:data1\" content=\"Na\u00efma Sfar\" \/>\n\t<meta name=\"twitter:label2\" content=\"Est. reading time\" \/>\n\t<meta name=\"twitter:data2\" content=\"10 minutes\" \/>\n<script type=\"application\/ld+json\" class=\"yoast-schema-graph\">{\"@context\":\"https:\/\/schema.org\",\"@graph\":[{\"@type\":\"Article\",\"@id\":\"https:\/\/www.galeriedurst.com\/en\/2026\/03\/11\/at-the-heart-of-fitzias-artistic-universe\/#article\",\"isPartOf\":{\"@id\":\"https:\/\/www.galeriedurst.com\/en\/2026\/03\/11\/at-the-heart-of-fitzias-artistic-universe\/\"},\"author\":{\"name\":\"Na\u00efma Sfar\",\"@id\":\"https:\/\/www.galeriedurst.com\/en\/#\/schema\/person\/23194123ac0178f468e8fe1ef9ca30cf\"},\"headline\":\"At the heart of Fitzia\u2019s artistic universe\",\"datePublished\":\"2026-03-11T10:40:48+00:00\",\"dateModified\":\"2026-03-11T10:40:49+00:00\",\"mainEntityOfPage\":{\"@id\":\"https:\/\/www.galeriedurst.com\/en\/2026\/03\/11\/at-the-heart-of-fitzias-artistic-universe\/\"},\"wordCount\":1971,\"commentCount\":0,\"publisher\":{\"@id\":\"https:\/\/www.galeriedurst.com\/en\/#organization\"},\"image\":{\"@id\":\"https:\/\/www.galeriedurst.com\/en\/2026\/03\/11\/at-the-heart-of-fitzias-artistic-universe\/#primaryimage\"},\"thumbnailUrl\":\"https:\/\/www.galeriedurst.com\/\/content\/uploads\/2024\/10\/Capture-decran-2024-10-09-a-13.26.29.png\",\"articleSection\":[\"journal\"],\"inLanguage\":\"en-US\",\"potentialAction\":[{\"@type\":\"CommentAction\",\"name\":\"Comment\",\"target\":[\"https:\/\/www.galeriedurst.com\/en\/2026\/03\/11\/at-the-heart-of-fitzias-artistic-universe\/#respond\"]}]},{\"@type\":\"WebPage\",\"@id\":\"https:\/\/www.galeriedurst.com\/en\/2026\/03\/11\/at-the-heart-of-fitzias-artistic-universe\/\",\"url\":\"https:\/\/www.galeriedurst.com\/en\/2026\/03\/11\/at-the-heart-of-fitzias-artistic-universe\/\",\"name\":\"Au coeur de l'univers artistique de Fitzia - Galerie Durst\",\"isPartOf\":{\"@id\":\"https:\/\/www.galeriedurst.com\/en\/#website\"},\"primaryImageOfPage\":{\"@id\":\"https:\/\/www.galeriedurst.com\/en\/2026\/03\/11\/at-the-heart-of-fitzias-artistic-universe\/#primaryimage\"},\"image\":{\"@id\":\"https:\/\/www.galeriedurst.com\/en\/2026\/03\/11\/at-the-heart-of-fitzias-artistic-universe\/#primaryimage\"},\"thumbnailUrl\":\"https:\/\/www.galeriedurst.com\/\/content\/uploads\/2024\/10\/Capture-decran-2024-10-09-a-13.26.29.png\",\"datePublished\":\"2026-03-11T10:40:48+00:00\",\"dateModified\":\"2026-03-11T10:40:49+00:00\",\"description\":\"Through this interview, discover the story and artistic universe of Fitzia, a master of collage.\",\"breadcrumb\":{\"@id\":\"https:\/\/www.galeriedurst.com\/en\/2026\/03\/11\/at-the-heart-of-fitzias-artistic-universe\/#breadcrumb\"},\"inLanguage\":\"en-US\",\"potentialAction\":[{\"@type\":\"ReadAction\",\"target\":[\"https:\/\/www.galeriedurst.com\/en\/2026\/03\/11\/at-the-heart-of-fitzias-artistic-universe\/\"]}]},{\"@type\":\"ImageObject\",\"inLanguage\":\"en-US\",\"@id\":\"https:\/\/www.galeriedurst.com\/en\/2026\/03\/11\/at-the-heart-of-fitzias-artistic-universe\/#primaryimage\",\"url\":\"https:\/\/www.galeriedurst.com\/\/content\/uploads\/2024\/10\/Capture-decran-2024-10-09-a-13.26.29.png\",\"contentUrl\":\"https:\/\/www.galeriedurst.com\/\/content\/uploads\/2024\/10\/Capture-decran-2024-10-09-a-13.26.29.png\",\"width\":1198,\"height\":640},{\"@type\":\"BreadcrumbList\",\"@id\":\"https:\/\/www.galeriedurst.com\/en\/2026\/03\/11\/at-the-heart-of-fitzias-artistic-universe\/#breadcrumb\",\"itemListElement\":[{\"@type\":\"ListItem\",\"position\":1,\"name\":\"Home\",\"item\":\"https:\/\/www.galeriedurst.com\/en\/homepage\/\"},{\"@type\":\"ListItem\",\"position\":2,\"name\":\"At the heart of Fitzia\u2019s artistic universe\"}]},{\"@type\":\"WebSite\",\"@id\":\"https:\/\/www.galeriedurst.com\/en\/#website\",\"url\":\"https:\/\/www.galeriedurst.com\/en\/\",\"name\":\"Galerie Durst\",\"description\":\"Paris contemporary art gallery & art consultancy\",\"publisher\":{\"@id\":\"https:\/\/www.galeriedurst.com\/en\/#organization\"},\"potentialAction\":[{\"@type\":\"SearchAction\",\"target\":{\"@type\":\"EntryPoint\",\"urlTemplate\":\"https:\/\/www.galeriedurst.com\/en\/?s={search_term_string}\"},\"query-input\":{\"@type\":\"PropertyValueSpecification\",\"valueRequired\":true,\"valueName\":\"search_term_string\"}}],\"inLanguage\":\"en-US\"},{\"@type\":\"Organization\",\"@id\":\"https:\/\/www.galeriedurst.com\/en\/#organization\",\"name\":\"Galerie Durst\",\"url\":\"https:\/\/www.galeriedurst.com\/en\/\",\"logo\":{\"@type\":\"ImageObject\",\"inLanguage\":\"en-US\",\"@id\":\"https:\/\/www.galeriedurst.com\/en\/#\/schema\/logo\/image\/\",\"url\":\"https:\/\/www.galeriedurst.com\/\/content\/uploads\/2021\/10\/GalerieDurst_Logo.svg\",\"contentUrl\":\"https:\/\/www.galeriedurst.com\/\/content\/uploads\/2021\/10\/GalerieDurst_Logo.svg\",\"width\":1,\"height\":1,\"caption\":\"Galerie Durst\"},\"image\":{\"@id\":\"https:\/\/www.galeriedurst.com\/en\/#\/schema\/logo\/image\/\"}},{\"@type\":\"Person\",\"@id\":\"https:\/\/www.galeriedurst.com\/en\/#\/schema\/person\/23194123ac0178f468e8fe1ef9ca30cf\",\"name\":\"Na\u00efma Sfar\",\"image\":{\"@type\":\"ImageObject\",\"inLanguage\":\"en-US\",\"@id\":\"https:\/\/www.galeriedurst.com\/en\/#\/schema\/person\/image\/\",\"url\":\"https:\/\/secure.gravatar.com\/avatar\/98eb12ba3b9064093af72af241041f7386aa5114fe8c6080d6b6b644d7b5f946?s=96&d=mm&r=g\",\"contentUrl\":\"https:\/\/secure.gravatar.com\/avatar\/98eb12ba3b9064093af72af241041f7386aa5114fe8c6080d6b6b644d7b5f946?s=96&d=mm&r=g\",\"caption\":\"Na\u00efma Sfar\"},\"url\":\"https:\/\/www.galeriedurst.com\/en\/author\/naima\/\"}]}<\/script>\n<!-- \/ Yoast SEO plugin. -->","yoast_head_json":{"title":"Au coeur de l'univers artistique de Fitzia - Galerie Durst","description":"Through this interview, discover the story and artistic universe of Fitzia, a master of collage.","robots":{"index":"index","follow":"follow","max-snippet":"max-snippet:-1","max-image-preview":"max-image-preview:large","max-video-preview":"max-video-preview:-1"},"canonical":"https:\/\/www.galeriedurst.com\/en\/2026\/03\/11\/at-the-heart-of-fitzias-artistic-universe\/","og_locale":"en_US","og_type":"article","og_title":"Au coeur de l'univers artistique de Fitzia - Galerie Durst","og_description":"Through this interview, discover the story and artistic universe of Fitzia, a master of collage.","og_url":"https:\/\/www.galeriedurst.com\/en\/2026\/03\/11\/at-the-heart-of-fitzias-artistic-universe\/","og_site_name":"Galerie Durst","article_published_time":"2026-03-11T10:40:48+00:00","article_modified_time":"2026-03-11T10:40:49+00:00","og_image":[{"width":1198,"height":640,"url":"https:\/\/www.galeriedurst.com\/\/content\/uploads\/2024\/10\/Capture-decran-2024-10-09-a-13.26.29.png","type":"image\/png"}],"author":"Na\u00efma Sfar","twitter_card":"summary_large_image","twitter_misc":{"Written by":"Na\u00efma Sfar","Est. reading time":"10 minutes"},"schema":{"@context":"https:\/\/schema.org","@graph":[{"@type":"Article","@id":"https:\/\/www.galeriedurst.com\/en\/2026\/03\/11\/at-the-heart-of-fitzias-artistic-universe\/#article","isPartOf":{"@id":"https:\/\/www.galeriedurst.com\/en\/2026\/03\/11\/at-the-heart-of-fitzias-artistic-universe\/"},"author":{"name":"Na\u00efma Sfar","@id":"https:\/\/www.galeriedurst.com\/en\/#\/schema\/person\/23194123ac0178f468e8fe1ef9ca30cf"},"headline":"At the heart of Fitzia\u2019s artistic universe","datePublished":"2026-03-11T10:40:48+00:00","dateModified":"2026-03-11T10:40:49+00:00","mainEntityOfPage":{"@id":"https:\/\/www.galeriedurst.com\/en\/2026\/03\/11\/at-the-heart-of-fitzias-artistic-universe\/"},"wordCount":1971,"commentCount":0,"publisher":{"@id":"https:\/\/www.galeriedurst.com\/en\/#organization"},"image":{"@id":"https:\/\/www.galeriedurst.com\/en\/2026\/03\/11\/at-the-heart-of-fitzias-artistic-universe\/#primaryimage"},"thumbnailUrl":"https:\/\/www.galeriedurst.com\/\/content\/uploads\/2024\/10\/Capture-decran-2024-10-09-a-13.26.29.png","articleSection":["journal"],"inLanguage":"en-US","potentialAction":[{"@type":"CommentAction","name":"Comment","target":["https:\/\/www.galeriedurst.com\/en\/2026\/03\/11\/at-the-heart-of-fitzias-artistic-universe\/#respond"]}]},{"@type":"WebPage","@id":"https:\/\/www.galeriedurst.com\/en\/2026\/03\/11\/at-the-heart-of-fitzias-artistic-universe\/","url":"https:\/\/www.galeriedurst.com\/en\/2026\/03\/11\/at-the-heart-of-fitzias-artistic-universe\/","name":"Au coeur de l'univers artistique de Fitzia - Galerie Durst","isPartOf":{"@id":"https:\/\/www.galeriedurst.com\/en\/#website"},"primaryImageOfPage":{"@id":"https:\/\/www.galeriedurst.com\/en\/2026\/03\/11\/at-the-heart-of-fitzias-artistic-universe\/#primaryimage"},"image":{"@id":"https:\/\/www.galeriedurst.com\/en\/2026\/03\/11\/at-the-heart-of-fitzias-artistic-universe\/#primaryimage"},"thumbnailUrl":"https:\/\/www.galeriedurst.com\/\/content\/uploads\/2024\/10\/Capture-decran-2024-10-09-a-13.26.29.png","datePublished":"2026-03-11T10:40:48+00:00","dateModified":"2026-03-11T10:40:49+00:00","description":"Through this interview, discover the story and artistic universe of Fitzia, a master of collage.","breadcrumb":{"@id":"https:\/\/www.galeriedurst.com\/en\/2026\/03\/11\/at-the-heart-of-fitzias-artistic-universe\/#breadcrumb"},"inLanguage":"en-US","potentialAction":[{"@type":"ReadAction","target":["https:\/\/www.galeriedurst.com\/en\/2026\/03\/11\/at-the-heart-of-fitzias-artistic-universe\/"]}]},{"@type":"ImageObject","inLanguage":"en-US","@id":"https:\/\/www.galeriedurst.com\/en\/2026\/03\/11\/at-the-heart-of-fitzias-artistic-universe\/#primaryimage","url":"https:\/\/www.galeriedurst.com\/\/content\/uploads\/2024\/10\/Capture-decran-2024-10-09-a-13.26.29.png","contentUrl":"https:\/\/www.galeriedurst.com\/\/content\/uploads\/2024\/10\/Capture-decran-2024-10-09-a-13.26.29.png","width":1198,"height":640},{"@type":"BreadcrumbList","@id":"https:\/\/www.galeriedurst.com\/en\/2026\/03\/11\/at-the-heart-of-fitzias-artistic-universe\/#breadcrumb","itemListElement":[{"@type":"ListItem","position":1,"name":"Home","item":"https:\/\/www.galeriedurst.com\/en\/homepage\/"},{"@type":"ListItem","position":2,"name":"At the heart of Fitzia\u2019s artistic universe"}]},{"@type":"WebSite","@id":"https:\/\/www.galeriedurst.com\/en\/#website","url":"https:\/\/www.galeriedurst.com\/en\/","name":"Galerie Durst","description":"Paris contemporary art gallery & art consultancy","publisher":{"@id":"https:\/\/www.galeriedurst.com\/en\/#organization"},"potentialAction":[{"@type":"SearchAction","target":{"@type":"EntryPoint","urlTemplate":"https:\/\/www.galeriedurst.com\/en\/?s={search_term_string}"},"query-input":{"@type":"PropertyValueSpecification","valueRequired":true,"valueName":"search_term_string"}}],"inLanguage":"en-US"},{"@type":"Organization","@id":"https:\/\/www.galeriedurst.com\/en\/#organization","name":"Galerie Durst","url":"https:\/\/www.galeriedurst.com\/en\/","logo":{"@type":"ImageObject","inLanguage":"en-US","@id":"https:\/\/www.galeriedurst.com\/en\/#\/schema\/logo\/image\/","url":"https:\/\/www.galeriedurst.com\/\/content\/uploads\/2021\/10\/GalerieDurst_Logo.svg","contentUrl":"https:\/\/www.galeriedurst.com\/\/content\/uploads\/2021\/10\/GalerieDurst_Logo.svg","width":1,"height":1,"caption":"Galerie Durst"},"image":{"@id":"https:\/\/www.galeriedurst.com\/en\/#\/schema\/logo\/image\/"}},{"@type":"Person","@id":"https:\/\/www.galeriedurst.com\/en\/#\/schema\/person\/23194123ac0178f468e8fe1ef9ca30cf","name":"Na\u00efma Sfar","image":{"@type":"ImageObject","inLanguage":"en-US","@id":"https:\/\/www.galeriedurst.com\/en\/#\/schema\/person\/image\/","url":"https:\/\/secure.gravatar.com\/avatar\/98eb12ba3b9064093af72af241041f7386aa5114fe8c6080d6b6b644d7b5f946?s=96&d=mm&r=g","contentUrl":"https:\/\/secure.gravatar.com\/avatar\/98eb12ba3b9064093af72af241041f7386aa5114fe8c6080d6b6b644d7b5f946?s=96&d=mm&r=g","caption":"Na\u00efma Sfar"},"url":"https:\/\/www.galeriedurst.com\/en\/author\/naima\/"}]}},"_links":{"self":[{"href":"https:\/\/www.galeriedurst.com\/en\/wp-json\/wp\/v2\/posts\/19467","targetHints":{"allow":["GET"]}}],"collection":[{"href":"https:\/\/www.galeriedurst.com\/en\/wp-json\/wp\/v2\/posts"}],"about":[{"href":"https:\/\/www.galeriedurst.com\/en\/wp-json\/wp\/v2\/types\/post"}],"author":[{"embeddable":true,"href":"https:\/\/www.galeriedurst.com\/en\/wp-json\/wp\/v2\/users\/30"}],"replies":[{"embeddable":true,"href":"https:\/\/www.galeriedurst.com\/en\/wp-json\/wp\/v2\/comments?post=19467"}],"version-history":[{"count":1,"href":"https:\/\/www.galeriedurst.com\/en\/wp-json\/wp\/v2\/posts\/19467\/revisions"}],"predecessor-version":[{"id":19476,"href":"https:\/\/www.galeriedurst.com\/en\/wp-json\/wp\/v2\/posts\/19467\/revisions\/19476"}],"wp:featuredmedia":[{"embeddable":true,"href":"https:\/\/www.galeriedurst.com\/en\/wp-json\/wp\/v2\/media\/19466"}],"wp:attachment":[{"href":"https:\/\/www.galeriedurst.com\/en\/wp-json\/wp\/v2\/media?parent=19467"}],"wp:term":[{"taxonomy":"category","embeddable":true,"href":"https:\/\/www.galeriedurst.com\/en\/wp-json\/wp\/v2\/categories?post=19467"},{"taxonomy":"post_tag","embeddable":true,"href":"https:\/\/www.galeriedurst.com\/en\/wp-json\/wp\/v2\/tags?post=19467"}],"curies":[{"name":"wp","href":"https:\/\/api.w.org\/{rel}","templated":true}]}}